{"id":668,"date":"2026-09-01T11:58:00","date_gmt":"2026-09-01T11:58:00","guid":{"rendered":"https:\/\/especiais.estadao.com.br\/engrenagensdocrescimento\/?p=668"},"modified":"2026-09-01T11:58:00","modified_gmt":"2026-09-01T11:58:00","slug":"estudo-da-antaq-aponta-desafios-para-os-portos-brasileiros-ate-2035","status":"publish","type":"post","link":"https:\/\/especiais.estadao.com.br\/engrenagensdocrescimento\/estudo-da-antaq-aponta-desafios-para-os-portos-brasileiros-ate-2035\/","title":{"rendered":"Estudo da Antaq aponta desafios para os portos brasileiros at\u00e9 2035"},"content":{"rendered":"\n<p class=\"wp-block-paragraph\">Nos \u00faltimos 15 anos, a movimenta\u00e7\u00e3o de cargas nos portos do Brasil cresceu 67%, passando de 840 milh\u00f5es para o recorde de 1,4 bilh\u00e3o de toneladas, alcan\u00e7ado em 2025. Na compara\u00e7\u00e3o com 2024, a alta foi de 6,1%, resultado que indicou tend\u00eancia de crescimento para 2026, com participa\u00e7\u00e3o da iniciativa privada na amplia\u00e7\u00e3o e moderniza\u00e7\u00e3o da infraestrutura.<\/p>\n\n\n\n<p class=\"wp-block-paragraph\">Tanto que, no ano passado, o <a href=\"https:\/\/www.gov.br\/portos-e-aeroportos\/pt-br\/\"><strong>Minist\u00e9rio de Portos e Aeroportos<\/strong><\/a> realizou<a href=\"https:\/\/istoedinheiro.com.br\/antaq-portos-movimentam-14-bi-de-toneladas-em-2025-alta-anual-de-61-e-recorde-historico?utm_source=chatgpt.com\"><strong> <\/strong><\/a>oito leil\u00f5es portu\u00e1rios, que somaram R$ 10,3 bilh\u00f5es em investimentos nas regi\u00f5es Sul, Sudeste e Nordeste. Em 2026, 18 leil\u00f5es portu\u00e1rios est\u00e3o previstos, sendo que o primeiro bloco foi realizado na B3 em fevereiro e garantiu mais de R$ 226 milh\u00f5es em investimentos.<\/p>\n\n\n\n<p class=\"wp-block-paragraph\">Mas para seguir a expans\u00e3o, o setor precisa enfrentar desafios que v\u00e3o de incertezas geopol\u00edticas e acelera\u00e7\u00e3o das transforma\u00e7\u00f5es tecnol\u00f3gicas aos impactos cada vez mais severos das mudan\u00e7as clim\u00e1ticas, cen\u00e1rios de vulnerabilidade mapeados pela Ag\u00eancia Nacional de Transportes Aquavi\u00e1rios (<a href=\"https:\/\/www.gov.br\/antaq\/pt-br\"><strong>Antaq<\/strong><\/a>) no estudo in\u00e9dito intitulado &#8220;Riscos Globais Portu\u00e1rios&#8221;. Desenvolvido em parceria com a <a href=\"https:\/\/portalpadrao.ufma.br\/\"><strong>Universidade Federal do Maranh\u00e3o (UFMA)<\/strong><\/a>, o levantamento projeta os principais gargalos e oportunidades que devem remodelar a infraestrutura e a gest\u00e3o do setor portu\u00e1rio nacional at\u00e9 2035.<\/p>\n\n\n\n<p class=\"wp-block-paragraph\">O objetivo do levantamento \u00e9 municiar gestores p\u00fablicos, operadores privados e reguladores com dados capazes de orientar a tomada de decis\u00f5es de longo prazo. Para tanto, a pesquisa reuniu revis\u00e3o da literatura cient\u00edfica, an\u00e1lise de relat\u00f3rios de sustentabilidade publicados por portos brasileiros e contribui\u00e7\u00f5es de 125 especialistas e gestores do setor portu\u00e1rio.<\/p>\n\n\n\n<p class=\"wp-block-paragraph\">Uma das <a href=\"https:\/\/www.gov.br\/antaq\/pt-br\/noticias\/2026\/riscos-globais-portuarios-estudo-identifica-desafios-que-devem-moldar-os-portos-brasileiros-ate-2035\"><strong>conclus\u00f5es mais relevantes do relat\u00f3rio<\/strong><\/a> revela que 73,7% dos riscos avaliados permanecem elevados tanto no curto quanto no longo prazo, o que demonstra seu car\u00e1ter estrutural e exige pol\u00edticas p\u00fablicas consistentes e investimentos cont\u00ednuos. \u201cMais do que identificar riscos, este projeto oferece diretrizes para fortalecer a capacidade de adapta\u00e7\u00e3o do setor portu\u00e1rio. \u00c9 um trabalho que transforma diagn\u00f3stico em planejamento e conhecimento em melhores decis\u00f5es regulat\u00f3rias\u201d, afirma o diretor-relator da Antaq, Alber Vasconcelos.<\/p>\n\n\n\n<p class=\"wp-block-paragraph\"><strong>Amea\u00e7as imediatas e o cen\u00e1rio de curto prazo<\/strong><\/p>\n\n\n\n<p class=\"wp-block-paragraph\">Embora o estudo projete cen\u00e1rios para a pr\u00f3xima d\u00e9cada, a an\u00e1lise identificou seis riscos globais de curto prazo classificados como cr\u00edticos por especialistas do setor. Tais amea\u00e7as exigem respostas c\u00e9leres por parte da administra\u00e7\u00e3o p\u00fablica e das concession\u00e1rias de terminais, sob o risco de comprometer a fluidez do escoamento da produ\u00e7\u00e3o nacional e encarecer ainda mais a cadeia de suprimentos.<\/p>\n\n\n\n<p class=\"wp-block-paragraph\">O primeiro ponto de aten\u00e7\u00e3o est\u00e1 relacionado \u00e0 instabilidade pol\u00edtica. A volatilidade institucional, as trocas repentinas de diretrizes governamentais e a inseguran\u00e7a jur\u00eddica afetam diretamente o ambiente de neg\u00f3cios. Esse cen\u00e1rio inibe a atra\u00e7\u00e3o de capital privado, fundamental para financiar concess\u00f5es, expans\u00e3o de terminais e obras de dragagem de aprofundamento.<\/p>\n\n\n\n<p class=\"wp-block-paragraph\">Em estreita rela\u00e7\u00e3o com o cen\u00e1rio pol\u00edtico est\u00e3o os conflitos geoecon\u00f4micos. San\u00e7\u00f5es unilaterais, disputas comerciais entre superpot\u00eancias e guerras tarif\u00e1rias t\u00eam alterado as rotas tradicionais da navega\u00e7\u00e3o comercial. Para os portos brasileiros, essas movimenta\u00e7\u00f5es resultam em oscila\u00e7\u00f5es imprevis\u00edveis na demanda por atraca\u00e7\u00e3o, al\u00e9m do encarecimento do frete mar\u00edtimo internacional e do seguro de cargas.<\/p>\n\n\n\n<p class=\"wp-block-paragraph\">No \u00e2mbito dom\u00e9stico e institucional, o excesso regulat\u00f3rio surge como outro gargalo cr\u00edtico. A burocracia excessiva, somada \u00e0 sobreposi\u00e7\u00e3o de atribui\u00e7\u00f5es entre diferentes \u00f3rg\u00e3os fiscalizadores e \u00e0 morosidade no licenciamento ambiental, reduz a velocidade de resposta dos portos \u00e0s demandas do mercado global. A demora na aprova\u00e7\u00e3o de obras essenciais compromete a efici\u00eancia operacional e eleva o custo de conformidade das empresas que atuam no setor.<\/p>\n\n\n\n<p class=\"wp-block-paragraph\">A essa complexidade regulat\u00f3ria soma-se o impacto do aumento da carga tribut\u00e1ria. A eleva\u00e7\u00e3o direta ou indireta de tributos e taxas que incidem sobre o transporte mar\u00edtimo aumenta o custo e reduz a margem de rentabilidade das exporta\u00e7\u00f5es de commodities e manufaturados. Esse cen\u00e1rio torna o produto brasileiro menos competitivo frente aos concorrentes internacionais que operam com sistemas fiscais mais desonerados.<\/p>\n\n\n\n<p class=\"wp-block-paragraph\">No campo operacional e tecnol\u00f3gico, o estudo acende um alerta para o risco de interrup\u00e7\u00f5es em infraestruturas digitais cr\u00edticas. Com a crescente automa\u00e7\u00e3o das opera\u00e7\u00f5es de p\u00e1tio, agendamento de caminh\u00f5es e processamento aduaneiro, os portos tornaram-se alvos em potencial para ataques cibern\u00e9ticos e sequestros de dados (ransomware). Falhas sist\u00eamicas ou invas\u00f5es maliciosas t\u00eam o potencial de paralisar completamente o fluxo de embarque e desembarque, gerando filas de navios na zona de fundeio e preju\u00edzos milion\u00e1rios por dia de atraso.<\/p>\n\n\n\n<p class=\"wp-block-paragraph\">Por fim, as falhas nas cadeias globais de suprimentos fecham o rol dos desafios imediatos. Desequil\u00edbrios estruturais no ecossistema log\u00edstico internacional, como a distribui\u00e7\u00e3o desigual de cont\u00eaineres e o estrangulamento de canais estrat\u00e9gicos internacionais, repercutem diretamente nos portos do Brasil. Esse fen\u00f4meno provoca momentos de sobrecarga e satura\u00e7\u00e3o nos terminais, seguidos por per\u00edodos de ociosidade operacional, o que dificulta qualquer planejamento.<\/p>\n\n\n\n<p class=\"wp-block-paragraph\"><strong>Vis\u00e3o estrat\u00e9gica at\u00e9 2035: clima, transi\u00e7\u00e3o e tecnologia<\/strong><\/p>\n\n\n\n<p class=\"wp-block-paragraph\">Olhando para a janela temporal dos pr\u00f3ximos dez anos, o levantamento da Antaq e da UFMA demonstra que a sustentabilidade do setor estar\u00e1 ancorada em dois vetores transformadores: a resili\u00eancia clim\u00e1tica aliada \u00e0 descarboniza\u00e7\u00e3o e a consolida\u00e7\u00e3o da transforma\u00e7\u00e3o digital.<\/p>\n\n\n\n<p class=\"wp-block-paragraph\">A quest\u00e3o ambiental deixou de ser uma pauta secund\u00e1ria e a intensifica\u00e7\u00e3o de eventos clim\u00e1ticos extremos j\u00e1 afeta diretamente a rotina portu\u00e1ria brasileira. As secas severas que comprometem a navegabilidade de rios fundamentais para o escoamento no Norte do Pa\u00eds s\u00e3o exemplos concretos disso. O estudo aponta para a necessidade urgente de investimentos em infraestruturas resilientes, capazes de suportar a eleva\u00e7\u00e3o do n\u00edvel do mar, o assoreamento acelerado e as mudan\u00e7as no regime de ventos e ondas.<\/p>\n\n\n\n<p class=\"wp-block-paragraph\">Ao mesmo tempo, a crescente preocupa\u00e7\u00e3o com a transi\u00e7\u00e3o energ\u00e9tica do transporte mar\u00edtimo mundial exercer\u00e1 forte press\u00e3o sobre as instala\u00e7\u00f5es nacionais. Com a Organiza\u00e7\u00e3o Mar\u00edtima Internacional (IMO) estabelecendo metas rigorosas para a redu\u00e7\u00e3o de emiss\u00f5es de gases de efeito estufa, a frota global passar\u00e1 a adotar combust\u00edveis alternativos, como hidrog\u00eanio verde, am\u00f4nia e metanol. Os portos brasileiros precisar\u00e3o se adaptar rapidamente, sob pena de perderem espa\u00e7o nas grandes rotas comerciais.<\/p>\n\n\n\n<p class=\"wp-block-paragraph\">No espectro tecnol\u00f3gico, o levantamento prev\u00ea que a transforma\u00e7\u00e3o digital seguir\u00e1 redefinindo a produtividade dos terminais. A aplica\u00e7\u00e3o de intelig\u00eancia artificial na gest\u00e3o de tr\u00e1fego de navios, o uso de sensores para manuten\u00e7\u00e3o preditiva e a integra\u00e7\u00e3o total entre portos e modais terrestres ser\u00e3o pr\u00e9-requisitos para a efici\u00eancia. Essa evolu\u00e7\u00e3o, no entanto, trar\u00e1 a responsabilidade de desenvolver ecossistemas de ciberseguran\u00e7a robustos e promover a plena interoperabilidade de dados entre \u00f3rg\u00e3os p\u00fablicos e entes privados.<\/p>\n\n\n\n<figure class=\"wp-block-image\"><img loading=\"lazy\" decoding=\"async\" width=\"941\" height=\"1672\" src=\"https:\/\/especiais.estadao.com.br\/engrenagensdocrescimento\/wp-content\/uploads\/2026\/09\/portos-vale-este.png\" alt=\"\" class=\"wp-image-732\" srcset=\"https:\/\/especiais.estadao.com.br\/engrenagensdocrescimento\/wp-content\/uploads\/2026\/09\/portos-vale-este.png 941w, https:\/\/especiais.estadao.com.br\/engrenagensdocrescimento\/wp-content\/uploads\/2026\/09\/portos-vale-este-169x300.png 169w, https:\/\/especiais.estadao.com.br\/engrenagensdocrescimento\/wp-content\/uploads\/2026\/09\/portos-vale-este-576x1024.png 576w, https:\/\/especiais.estadao.com.br\/engrenagensdocrescimento\/wp-content\/uploads\/2026\/09\/portos-vale-este-768x1365.png 768w, https:\/\/especiais.estadao.com.br\/engrenagensdocrescimento\/wp-content\/uploads\/2026\/09\/portos-vale-este-864x1536.png 864w\" sizes=\"auto, (max-width: 941px) 100vw, 941px\" \/><\/figure>\n\n\n\n<p class=\"wp-block-paragraph\"><strong>Caminhos para a constru\u00e7\u00e3o de um setor resiliente<\/strong><\/p>\n\n\n\n<p class=\"wp-block-paragraph\">Al\u00e9m de diagnosticar fragilidades, o estudo da Antaq aponta caminhos para que o Brasil transforme potenciais riscos em oportunidades de desenvolvimento. O levantamento indica que a prepara\u00e7\u00e3o da infraestrutura aquavi\u00e1ria para os desafios at\u00e9 2035 exigir\u00e1 uma atua\u00e7\u00e3o coordenada entre o poder p\u00fablico, autoridades portu\u00e1rias, operadores privados, armadores e a comunidade acad\u00eamica.<\/p>\n\n\n\n<p class=\"wp-block-paragraph\">Entre as diretrizes centrais propostas, destaca-se a urg\u00eancia na cria\u00e7\u00e3o de mecanismos inovadores de financiamento voltados para a infraestrutura verde e resiliente, atraindo investidores interessados em ativos de baixo impacto ambiental. O documento ainda refor\u00e7a a necessidade de capacita\u00e7\u00e3o cont\u00ednua de recursos humanos para lidar com a digitaliza\u00e7\u00e3o avan\u00e7ada e a gest\u00e3o de riscos complexos, bem como o aprimoramento constante da regula\u00e7\u00e3o para conferir agilidade \u00e0 gest\u00e3o de crises e flexibilidade aos contratos de arrendamento.<\/p>\n","protected":false},"excerpt":{"rendered":"<p>Levantamento destaca os impactos do clima, da geopol\u00edtica e da transforma\u00e7\u00e3o tecnol\u00f3gica sobre o setor<\/p>\n","protected":false},"author":6,"featured_media":671,"comment_status":"open","ping_status":"open","sticky":false,"template":"","format":"standard","meta":{"footnotes":""},"categories":[10,5],"tags":[95,94,109],"class_list":["post-668","post","type-post","status-publish","format-standard","has-post-thumbnail","hentry","category-destaque","category-negocios","tag-antaq","tag-portos","tag-ufma"],"_links":{"self":[{"href":"https:\/\/especiais.estadao.com.br\/engrenagensdocrescimento\/wp-json\/wp\/v2\/posts\/668","targetHints":{"allow":["GET"]}}],"collection":[{"href":"https:\/\/especiais.estadao.com.br\/engrenagensdocrescimento\/wp-json\/wp\/v2\/posts"}],"about":[{"href":"https:\/\/especiais.estadao.com.br\/engrenagensdocrescimento\/wp-json\/wp\/v2\/types\/post"}],"author":[{"embeddable":true,"href":"https:\/\/especiais.estadao.com.br\/engrenagensdocrescimento\/wp-json\/wp\/v2\/users\/6"}],"replies":[{"embeddable":true,"href":"https:\/\/especiais.estadao.com.br\/engrenagensdocrescimento\/wp-json\/wp\/v2\/comments?post=668"}],"version-history":[{"count":8,"href":"https:\/\/especiais.estadao.com.br\/engrenagensdocrescimento\/wp-json\/wp\/v2\/posts\/668\/revisions"}],"predecessor-version":[{"id":737,"href":"https:\/\/especiais.estadao.com.br\/engrenagensdocrescimento\/wp-json\/wp\/v2\/posts\/668\/revisions\/737"}],"wp:featuredmedia":[{"embeddable":true,"href":"https:\/\/especiais.estadao.com.br\/engrenagensdocrescimento\/wp-json\/wp\/v2\/media\/671"}],"wp:attachment":[{"href":"https:\/\/especiais.estadao.com.br\/engrenagensdocrescimento\/wp-json\/wp\/v2\/media?parent=668"}],"wp:term":[{"taxonomy":"category","embeddable":true,"href":"https:\/\/especiais.estadao.com.br\/engrenagensdocrescimento\/wp-json\/wp\/v2\/categories?post=668"},{"taxonomy":"post_tag","embeddable":true,"href":"https:\/\/especiais.estadao.com.br\/engrenagensdocrescimento\/wp-json\/wp\/v2\/tags?post=668"}],"curies":[{"name":"wp","href":"https:\/\/api.w.org\/{rel}","templated":true}]}}