{"id":711,"date":"2026-08-28T08:56:47","date_gmt":"2026-08-28T08:56:47","guid":{"rendered":"https:\/\/especiais.estadao.com.br\/engrenagensdocrescimento\/?p=711"},"modified":"2026-08-28T08:56:47","modified_gmt":"2026-08-28T08:56:47","slug":"concessao-preve-r-34-bilhoes-para-ampliar-saneamento-no-sertao-de-pernambuco","status":"publish","type":"post","link":"https:\/\/especiais.estadao.com.br\/engrenagensdocrescimento\/concessao-preve-r-34-bilhoes-para-ampliar-saneamento-no-sertao-de-pernambuco\/","title":{"rendered":"Concess\u00e3o prev\u00ea R$ 3,4 bilh\u00f5es para ampliar saneamento no Sert\u00e3o de Pernambuco"},"content":{"rendered":"\n<p class=\"wp-block-paragraph\">Mais de 815 mil pessoas em 24 munic\u00edpios do Sert\u00e3o pernambucano ser\u00e3o atendidas pela concess\u00e3o que prev\u00ea ampliar os servi\u00e7os de distribui\u00e7\u00e3o de \u00e1gua tratada, coleta e tratamento de esgoto e atendimento aos usu\u00e1rios. A <a href=\"https:\/\/vitasertao.com.br\/\"><strong>VITA Sert\u00e3o<\/strong> <\/a>iniciou a fase de transi\u00e7\u00e3o operacional dos sistemas que integram o Bloco 1 da Companhia Pernambucana de Saneamento (Compesa).<\/p>\n\n\n\n<p class=\"wp-block-paragraph\">A concession\u00e1ria \u00e9 uma empresa investida pelo Fundo V de Infraestrutura do Patria Investimentos e assumiu o compromisso de destinar R$ 3,4 bilh\u00f5es aos servi\u00e7os de saneamento ao longo dos 35 anos de contrato.<\/p>\n\n\n\n<p class=\"wp-block-paragraph\">A opera\u00e7\u00e3o \u00e9 resultado do leil\u00e3o p\u00fablico estruturado pelo <a href=\"https:\/\/www.bndes.gov.br\/wps\/portal\/site\/home\"><strong>Banco Nacional de Desenvolvimento Econ\u00f4mico e Social (BNDES)<\/strong><\/a> e realizado em dezembro de 2025. O grupo venceu a disputa ao oferecer uma outorga fixa de R$ 720 milh\u00f5es e o desconto tarif\u00e1rio m\u00e1ximo de 5% previsto no edital.<\/p>\n\n\n\n<p class=\"wp-block-paragraph\">Com a atualiza\u00e7\u00e3o monet\u00e1ria pelo \u00cdndice Nacional de Pre\u00e7os ao Consumidor Amplo (IPCA), o valor da outorga chegou a aproximadamente R$ 825 milh\u00f5es. A primeira parcela atualizada, de R$ 483 milh\u00f5es, j\u00e1 foi paga ao governo de Pernambuco.<\/p>\n\n\n\n<p class=\"wp-block-paragraph\">A maior parte dos investimentos est\u00e1 concentrada no in\u00edcio da concess\u00e3o para acelerar o cumprimento das metas de universaliza\u00e7\u00e3o estabelecidas pelo Marco Legal do Saneamento. Dos R$ 3,4 bilh\u00f5es previstos no contrato, R$ 2,8 bilh\u00f5es, o equivalente a 82% do total, dever\u00e3o ser aplicados nos oito primeiros anos da opera\u00e7\u00e3o.<\/p>\n\n\n\n<p class=\"wp-block-paragraph\">O plano prev\u00ea a constru\u00e7\u00e3o ou a revitaliza\u00e7\u00e3o de mais de 450 quil\u00f4metros de adutoras e a implementa\u00e7\u00e3o de 2.600 quil\u00f4metros de redes de \u00e1gua e esgoto. Tamb\u00e9m est\u00e3o previstas 270 mil novas liga\u00e7\u00f5es e a instala\u00e7\u00e3o ou substitui\u00e7\u00e3o de aproximadamente 1,2 milh\u00e3o de hidr\u00f4metros ao longo da concess\u00e3o.<\/p>\n\n\n\n<p class=\"wp-block-paragraph\">O contrato adota um modelo de opera\u00e7\u00e3o compartilhada. A <a href=\"https:\/\/servicos.compesa.com.br\/\"><strong>Compesa <\/strong><\/a>permanecer\u00e1 respons\u00e1vel pela capta\u00e7\u00e3o e pelo tratamento da \u00e1gua, que ser\u00e1 entregue j\u00e1 tratada nos pontos definidos contratualmente. Caber\u00e1 \u00e0 VITA Sert\u00e3o distribuir o recurso aos consumidores, operar os sistemas de coleta e tratamento de esgoto e administrar o atendimento aos usu\u00e1rios e a gest\u00e3o comercial dos servi\u00e7os.<\/p>\n\n\n\n<p class=\"wp-block-paragraph\">A concess\u00e3o ser\u00e1 regulada e fiscalizada pela <a href=\"https:\/\/www.arpe.pe.gov.br\/\"><strong>Ag\u00eancia de Regula\u00e7\u00e3o de Pernambuco (Arpe)<\/strong><\/a>.<\/p>\n\n\n\n<p class=\"wp-block-paragraph\">A fase de transi\u00e7\u00e3o, denominada opera\u00e7\u00e3o assistida, ter\u00e1 dura\u00e7\u00e3o de at\u00e9 seis meses. Durante esse per\u00edodo, os servi\u00e7os e o faturamento continuar\u00e3o sob responsabilidade da Compesa. A VITA Sert\u00e3o dever\u00e1 assumir integralmente a opera\u00e7\u00e3o dos sistemas em 29 de setembro de 2026.<\/p>\n\n\n\n<p class=\"wp-block-paragraph\">Com sede em Petrolina e polos operacionais tamb\u00e9m em Salgueiro e Ouricuri, o projeto prev\u00ea a cria\u00e7\u00e3o de mais de 500 empregos diretos e mil indiretos, com prioridade para a contrata\u00e7\u00e3o de trabalhadores locais.<\/p>\n\n\n\n<p class=\"wp-block-paragraph\">A estimativa \u00e9 que aproximadamente 60 mil fam\u00edlias de baixa renda sejam beneficiadas pela Tarifa Social. O contrato tamb\u00e9m prev\u00ea a manuten\u00e7\u00e3o da tarifa vulner\u00e1vel para os clientes que j\u00e1 recebem essa modalidade de desconto.<\/p>\n\n\n\n<p class=\"wp-block-paragraph\">Para o <a href=\"https:\/\/www.patria.com\/pt-BR\/pt-BR\/?utm_source=bluestudio&#038;utm_medium=branded_content&#038;utm_campaign=engrenagens_do_crescimento&#038;utm_content=corpo_materia\"><strong>Patria<\/strong><\/a>, a concess\u00e3o amplia a presen\u00e7a do grupo em projetos de infraestrutura social no Nordeste e acrescenta ao portf\u00f3lio uma opera\u00e7\u00e3o voltada \u00e0 expans\u00e3o dos servi\u00e7os de saneamento em munic\u00edpios do interior do Pa\u00eds.<\/p>\n\n\n\n<figure class=\"wp-block-image\"><img loading=\"lazy\" decoding=\"async\" width=\"1672\" height=\"941\" src=\"https:\/\/especiais.estadao.com.br\/engrenagensdocrescimento\/wp-content\/uploads\/2026\/08\/ChatGPT-Image-26-de-ago.-de-2026-18_58_01.png\" alt=\"\" class=\"wp-image-716\" srcset=\"https:\/\/especiais.estadao.com.br\/engrenagensdocrescimento\/wp-content\/uploads\/2026\/08\/ChatGPT-Image-26-de-ago.-de-2026-18_58_01.png 1672w, https:\/\/especiais.estadao.com.br\/engrenagensdocrescimento\/wp-content\/uploads\/2026\/08\/ChatGPT-Image-26-de-ago.-de-2026-18_58_01-300x169.png 300w, https:\/\/especiais.estadao.com.br\/engrenagensdocrescimento\/wp-content\/uploads\/2026\/08\/ChatGPT-Image-26-de-ago.-de-2026-18_58_01-1024x576.png 1024w, https:\/\/especiais.estadao.com.br\/engrenagensdocrescimento\/wp-content\/uploads\/2026\/08\/ChatGPT-Image-26-de-ago.-de-2026-18_58_01-768x432.png 768w, https:\/\/especiais.estadao.com.br\/engrenagensdocrescimento\/wp-content\/uploads\/2026\/08\/ChatGPT-Image-26-de-ago.-de-2026-18_58_01-1536x864.png 1536w, https:\/\/especiais.estadao.com.br\/engrenagensdocrescimento\/wp-content\/uploads\/2026\/08\/ChatGPT-Image-26-de-ago.-de-2026-18_58_01-640x360.png 640w, https:\/\/especiais.estadao.com.br\/engrenagensdocrescimento\/wp-content\/uploads\/2026\/08\/ChatGPT-Image-26-de-ago.-de-2026-18_58_01-1200x675.png 1200w\" sizes=\"auto, (max-width: 1672px) 100vw, 1672px\" \/><\/figure>\n","protected":false},"excerpt":{"rendered":"<p>VITA Sert\u00e3o atender\u00e1 mais de 815 mil pessoas em 24 cidades; investimento est\u00e1 concentrado nos 8 primeiros anos do contrato<\/p>\n","protected":false},"author":6,"featured_media":718,"comment_status":"open","ping_status":"open","sticky":false,"template":"","format":"standard","meta":{"footnotes":""},"categories":[10,5],"tags":[98,48,70,69,99],"class_list":["post-711","post","type-post","status-publish","format-standard","has-post-thumbnail","hentry","category-destaque","category-negocios","tag-agua","tag-patria-investimentos","tag-pernambuco","tag-saneamento","tag-vita-sertao"],"_links":{"self":[{"href":"https:\/\/especiais.estadao.com.br\/engrenagensdocrescimento\/wp-json\/wp\/v2\/posts\/711","targetHints":{"allow":["GET"]}}],"collection":[{"href":"https:\/\/especiais.estadao.com.br\/engrenagensdocrescimento\/wp-json\/wp\/v2\/posts"}],"about":[{"href":"https:\/\/especiais.estadao.com.br\/engrenagensdocrescimento\/wp-json\/wp\/v2\/types\/post"}],"author":[{"embeddable":true,"href":"https:\/\/especiais.estadao.com.br\/engrenagensdocrescimento\/wp-json\/wp\/v2\/users\/6"}],"replies":[{"embeddable":true,"href":"https:\/\/especiais.estadao.com.br\/engrenagensdocrescimento\/wp-json\/wp\/v2\/comments?post=711"}],"version-history":[{"count":4,"href":"https:\/\/especiais.estadao.com.br\/engrenagensdocrescimento\/wp-json\/wp\/v2\/posts\/711\/revisions"}],"predecessor-version":[{"id":719,"href":"https:\/\/especiais.estadao.com.br\/engrenagensdocrescimento\/wp-json\/wp\/v2\/posts\/711\/revisions\/719"}],"wp:featuredmedia":[{"embeddable":true,"href":"https:\/\/especiais.estadao.com.br\/engrenagensdocrescimento\/wp-json\/wp\/v2\/media\/718"}],"wp:attachment":[{"href":"https:\/\/especiais.estadao.com.br\/engrenagensdocrescimento\/wp-json\/wp\/v2\/media?parent=711"}],"wp:term":[{"taxonomy":"category","embeddable":true,"href":"https:\/\/especiais.estadao.com.br\/engrenagensdocrescimento\/wp-json\/wp\/v2\/categories?post=711"},{"taxonomy":"post_tag","embeddable":true,"href":"https:\/\/especiais.estadao.com.br\/engrenagensdocrescimento\/wp-json\/wp\/v2\/tags?post=711"}],"curies":[{"name":"wp","href":"https:\/\/api.w.org\/{rel}","templated":true}]}}